{"id":33842,"date":"2024-12-09T17:42:18","date_gmt":"2024-12-09T14:42:18","guid":{"rendered":"https:\/\/cavitmeclisi.com\/?p=33842"},"modified":"2026-04-28T17:02:15","modified_gmt":"2026-04-28T14:02:15","slug":"%d9%85%d8%a7-%d9%87%d9%88-%d8%a7%d9%84%d8%a5%d8%ac%d9%87%d8%a7%d8%af-%d8%a7%d9%84%d8%a8%d8%a7%d8%b1%d8%af%d8%9f","status":"publish","type":"post","link":"https:\/\/cavitmeclisi.com\/ar\/%d9%85%d8%a7-%d9%87%d9%88-%d8%a7%d9%84%d8%a5%d8%ac%d9%87%d8%a7%d8%af-%d8%a7%d9%84%d8%a8%d8%a7%d8%b1%d8%af%d8%9f\/","title":{"rendered":"\u0645\u0627 \u0647\u0648 \u0627\u0644\u0625\u062c\u0647\u0627\u062f \u0627\u0644\u0628\u0627\u0631\u062f\u061f"},"content":{"rendered":"<p data-block-id=\"f7cac101-dca9-40fc-989e-6f67016ce75b\" data-pm-slice=\"1 1 []\">\u0130nsan v\u00fccudu belirli bir \u0131s\u0131 aral\u0131\u011f\u0131nda dengede \u00e7al\u0131\u015f\u0131r. Bu denge bozuldu\u011funda \u00e7e\u015fitli sorunlar ortaya \u00e7\u0131kabilir. \u00d6zellikle d\u00fc\u015f\u00fck s\u0131cakl\u0131klara uzun s\u00fcre maruz kalmak v\u00fccudu zorlar. Titreme, halsizlik ve dikkat da\u011f\u0131n\u0131kl\u0131\u011f\u0131 gibi belirtiler g\u00f6r\u00fclebilir. Bu durum genellikle <strong>so\u011fuk stresi nedir<\/strong> sorusunu g\u00fcndeme getirir. V\u00fccut \u0131s\u0131 kayb\u0131n\u0131 dengeleyemedi\u011finde savunma sistemi zay\u0131flar ve sa\u011fl\u0131k riski artar. Bu nedenle so\u011fuk ortamlarda korunma \u00f6nlemleri almak b\u00fcy\u00fck \u00f6nem ta\u015f\u0131r.<\/p>\n<h2 data-block-id=\"759683c3-d384-4d53-9a9d-96014baa1395\" data-pm-slice=\"1 1 []\">So\u011fuk Stresi Nedir? Kimlerde G\u00f6r\u00fcl\u00fcr?<\/h2>\n<p><img decoding=\"async\" class=\"wp-image-34603 alignleft\" src=\"https:\/\/cavitmeclisi.com\/wp-content\/uploads\/2024\/12\/soguk-stresi-nedir-1.jpg\" alt=\"\u0645\u0627 \u0647\u0648 \u0627\u0644\u0625\u062c\u0647\u0627\u062f \u0627\u0644\u0628\u0627\u0631\u062f\u061f\" width=\"380\" height=\"199\" title=\"\" srcset=\"https:\/\/cavitmeclisi.com\/wp-content\/uploads\/2024\/12\/soguk-stresi-nedir-1.jpg 1200w, https:\/\/cavitmeclisi.com\/wp-content\/uploads\/2024\/12\/soguk-stresi-nedir-1-300x157.jpg 300w, https:\/\/cavitmeclisi.com\/wp-content\/uploads\/2024\/12\/soguk-stresi-nedir-1-1024x536.jpg 1024w, https:\/\/cavitmeclisi.com\/wp-content\/uploads\/2024\/12\/soguk-stresi-nedir-1-768x402.jpg 768w, https:\/\/cavitmeclisi.com\/wp-content\/uploads\/2024\/12\/soguk-stresi-nedir-1-18x9.jpg 18w, https:\/\/cavitmeclisi.com\/wp-content\/uploads\/2024\/12\/soguk-stresi-nedir-1-573x300.jpg 573w\" sizes=\"(max-width: 380px) 100vw, 380px\" \/><\/p>\n<p data-block-id=\"1375de84-92dd-4994-9205-ae6bff497fc6\">So\u011fuk hava ko\u015fullar\u0131 v\u00fccut \u00fczerinde ciddi etkiler olu\u015fturabilir. \u0130nsan bedeni belirli bir \u0131s\u0131 aral\u0131\u011f\u0131nda dengede kal\u0131r. Bu denge bozuldu\u011funda \u00e7e\u015fitli sa\u011fl\u0131k sorunlar\u0131 ortaya \u00e7\u0131kabilir. \u00d6zellikle uzun s\u00fcre d\u00fc\u015f\u00fck s\u0131cakl\u0131\u011fa maruz kalmak risk olu\u015fturur. Bu durum dikkatle ele al\u0131nmal\u0131d\u0131r.<\/p>\n<p data-block-id=\"a3ffd720-c9b3-4015-a450-acc281968238\">D\u00fc\u015f\u00fck \u0131s\u0131ya maruz kalan ki\u015filerde <strong>\u0627\u0644\u0625\u062c\u0647\u0627\u062f \u0627\u0644\u0628\u0627\u0631\u062f<\/strong> geli\u015febilir. Bu durum v\u00fccudun \u0131s\u0131 dengesini koruyamamas\u0131 ile ortaya \u00e7\u0131kar. Titreme, halsizlik ve dikkat da\u011f\u0131n\u0131kl\u0131\u011f\u0131 s\u0131k g\u00f6r\u00fclen belirtiler aras\u0131ndad\u0131r. Uzun s\u00fcreli maruziyet daha ciddi sonu\u00e7lara yol a\u00e7abilir. Bu nedenle erken fark edilmesi \u00f6nem ta\u015f\u0131r.<\/p>\n<p data-block-id=\"e9a0e958-de03-47cd-b2c7-fb6528d041e6\">So\u011fuk hava her bireyi etkileyebilir ancak baz\u0131 gruplar daha fazla risk alt\u0131ndad\u0131r. Ya\u015fl\u0131 bireyler ve k\u00fc\u00e7\u00fck \u00e7ocuklar bu grupta yer al\u0131r. Ba\u011f\u0131\u015f\u0131kl\u0131k sistemi zay\u0131f olan ki\u015filer de daha hassas olabilir. A\u00e7\u0131k alanda \u00e7al\u0131\u015fan bireyler de bu durumdan s\u0131k etkilenir. \u00d6zellikle r\u00fczgarl\u0131 ve nemli ortamlarda risk artar.<\/p>\n<p data-block-id=\"aeacceff-628f-4702-849e-9bef296a0fad\">Bu risk gruplar\u0131nda <strong>\u0627\u0644\u0625\u062c\u0647\u0627\u062f \u0627\u0644\u0628\u0627\u0631\u062f<\/strong> daha h\u0131zl\u0131 geli\u015febilir. V\u00fccut \u0131s\u0131 kayb\u0131n\u0131 dengeleyemez ve savunma mekanizmalar\u0131 zorlan\u0131r. Uygun k\u0131yafet se\u00e7imi ve korunma \u00f6nlemleri b\u00fcy\u00fck \u00f6nem ta\u015f\u0131r. Bu sayede olas\u0131 sa\u011fl\u0131k sorunlar\u0131n\u0131n \u00f6n\u00fcne ge\u00e7ilebilir. Bilin\u00e7li davranmak s\u00fcrecin en \u00f6nemli par\u00e7as\u0131d\u0131r.<\/p>\n<h3 data-block-id=\"61556bf2-ed44-47e2-be5d-588d11771c46\">So\u011fuk Stresi Belirtileri Nelerdir?<\/h3>\n<p data-block-id=\"2e8b995a-ee77-4155-b623-a91c2eed1359\"><strong>So\u011fuk stresi,<\/strong> v\u00fccudun d\u00fc\u015f\u00fck s\u0131cakl\u0131\u011fa kar\u015f\u0131 verdi\u011fi tepki sonucu ortaya \u00e7\u0131kar. Bu durum erken d\u00f6nemde baz\u0131 belirtilerle kendini g\u00f6sterir. \u0130lk i\u015faretler genellikle hafif d\u00fczeyde olur. Ancak zamanla \u015fiddeti artabilir. Bu nedenle belirtileri erken fark etmek \u00f6nem ta\u015f\u0131r.<\/p>\n<p data-block-id=\"2f818c13-23c4-479c-8b23-72509879e919\">En s\u0131k g\u00f6r\u00fclen belirtilerden biri titremedir. V\u00fccut \u0131s\u0131s\u0131n\u0131 korumak i\u00e7in kaslar h\u0131zl\u0131 \u015fekilde kas\u0131l\u0131r. Bu durum enerji kayb\u0131na yol a\u00e7ar. Ayn\u0131 zamanda \u00fc\u015f\u00fcme hissi giderek artar. Ellerde ve ayaklarda uyu\u015fma olu\u015fabilir. Ciltte solukluk ve so\u011fukluk hissi de dikkat \u00e7eker.<\/p>\n<p data-block-id=\"69ec7d95-4a95-4236-949f-9271f53be579\">\u0130lerleyen durumlarda halsizlik belirgin hale gelir. Ki\u015fi kendini yorgun hisseder. Dikkat da\u011f\u0131n\u0131kl\u0131\u011f\u0131 ya\u015fanabilir. Konu\u015fma yava\u015flayabilir. Reflekslerde zay\u0131flama g\u00f6r\u00fclebilir. Bu belirtiler v\u00fccut \u0131s\u0131s\u0131n\u0131n d\u00fc\u015ft\u00fc\u011f\u00fcn\u00fc g\u00f6sterir. Bu a\u015famada m\u00fcdahale edilmezse durum daha ciddi hale gelebilir.<\/p>\n<p data-block-id=\"1b81cea5-3579-4300-8f0c-cfd92b601e2c\">A\u011f\u0131r vakalarda bilin\u00e7 bulan\u0131kl\u0131\u011f\u0131 ortaya \u00e7\u0131kabilir. Ki\u015fi \u00e7evresine tepki vermekte zorlan\u0131r. Kalp at\u0131\u015flar\u0131 yava\u015flayabilir. Solunum d\u00fczensiz hale gelebilir. Bu durum hayati risk olu\u015fturur. Bu nedenle belirtiler fark edildi\u011finde h\u0131zl\u0131 \u015fekilde \u00f6nlem al\u0131nmal\u0131d\u0131r.<\/p>\n<h3 data-block-id=\"9489e4a5-4194-4d70-991e-7c443fd73d03\">So\u011fuk Stresinin \u0130nsan V\u00fccuduna Zararlar\u0131 Nelerdir?<\/h3>\n<p><img decoding=\"async\" class=\"wp-image-34604 alignright\" src=\"https:\/\/cavitmeclisi.com\/wp-content\/uploads\/2024\/12\/soguk-stresi-nedir-2-1.jpg\" alt=\"\u0645\u0627 \u0647\u0648 \u0627\u0644\u0625\u062c\u0647\u0627\u062f \u0627\u0644\u0628\u0627\u0631\u062f\u061f\" width=\"380\" height=\"199\" title=\"\" srcset=\"https:\/\/cavitmeclisi.com\/wp-content\/uploads\/2024\/12\/soguk-stresi-nedir-2-1.jpg 1200w, https:\/\/cavitmeclisi.com\/wp-content\/uploads\/2024\/12\/soguk-stresi-nedir-2-1-300x157.jpg 300w, https:\/\/cavitmeclisi.com\/wp-content\/uploads\/2024\/12\/soguk-stresi-nedir-2-1-1024x536.jpg 1024w, https:\/\/cavitmeclisi.com\/wp-content\/uploads\/2024\/12\/soguk-stresi-nedir-2-1-768x402.jpg 768w, https:\/\/cavitmeclisi.com\/wp-content\/uploads\/2024\/12\/soguk-stresi-nedir-2-1-18x9.jpg 18w, https:\/\/cavitmeclisi.com\/wp-content\/uploads\/2024\/12\/soguk-stresi-nedir-2-1-573x300.jpg 573w\" sizes=\"(max-width: 380px) 100vw, 380px\" \/><\/p>\n<p data-block-id=\"2741b2b2-2989-45c6-9f60-4f58f35f55b2\">So\u011fuk hava ko\u015fullar\u0131 v\u00fccut \u00fczerinde ciddi etkiler olu\u015fturabilir. \u0130nsan bedeni belirli bir \u0131s\u0131 aral\u0131\u011f\u0131nda sa\u011fl\u0131kl\u0131 \u015fekilde \u00e7al\u0131\u015f\u0131r. Bu denge bozuldu\u011funda organlar ve sistemler olumsuz etkilenir. Uzun s\u00fcre d\u00fc\u015f\u00fck s\u0131cakl\u0131\u011fa maruz kalmak v\u00fccudun savunma mekanizmalar\u0131n\u0131 zorlar. Bu durum \u00e7e\u015fitli sa\u011fl\u0131k sorunlar\u0131na zemin haz\u0131rlar.<\/p>\n<p data-block-id=\"c53c34ab-a78e-47b7-99a4-1a135fc78195\">\u0130lk olarak dola\u015f\u0131m sistemi etkilenir. So\u011fukta damarlar daral\u0131r ve kan ak\u0131\u015f\u0131 yava\u015flar. Bu durum \u00f6zellikle el ve ayaklarda hissedilir. Uyu\u015fma ve kar\u0131ncalanma ortaya \u00e7\u0131kabilir. Uzun s\u00fcre devam eden maruziyet dokulara zarar verebilir. Donma riski bu a\u015famada artar. Bu durum ciddi hasarlara yol a\u00e7abilir.<\/p>\n<p data-block-id=\"a69274ce-1caa-49d1-b758-725dea6adead\">Ba\u011f\u0131\u015f\u0131kl\u0131k sistemi de bu s\u00fcre\u00e7ten etkilenir. V\u00fccut direnci d\u00fc\u015fer ve hastal\u0131klara kar\u015f\u0131 savunma zay\u0131flar. Bu noktada <strong>so\u011fuk stresi,<\/strong> enfeksiyonlara yakalanma riskini art\u0131rabilir. \u00d6zellikle solunum yolu hastal\u0131klar\u0131 daha s\u0131k g\u00f6r\u00fcl\u00fcr. Ki\u015fi daha \u00e7abuk hasta olabilir. Bu durum genel sa\u011fl\u0131\u011f\u0131 olumsuz etkiler.<\/p>\n<p data-block-id=\"30ff63df-ea54-4081-b372-771f244c8eb3\">Sinir sistemi de d\u00fc\u015f\u00fck s\u0131cakl\u0131ktan etkilenir. Dikkat azal\u0131r ve tepki s\u00fcresi uzar. Ki\u015fi \u00e7evresel tehlikelere kar\u015f\u0131 daha savunmas\u0131z hale gelir. Ayn\u0131 zamanda kaslar sertle\u015fir ve hareket kabiliyeti d\u00fc\u015fer. Bu durum kazalara yol a\u00e7abilir. Uzun s\u00fcreli maruziyet ise hayati risk olu\u015fturabilir.<\/p>\n<h3 data-block-id=\"f2d2285c-856a-442a-aa5c-5fd872743014\">So\u011fuk Stresinden Korunman\u0131n Yollar\u0131 Nelerdir?<\/h3>\n<p data-block-id=\"12b4f595-0a1f-4b2f-9949-321538dd7cf6\">So\u011fuk hava ko\u015fullar\u0131nda v\u00fccudu korumak i\u00e7in do\u011fru \u00f6nlemler almak b\u00fcy\u00fck \u00f6nem ta\u015f\u0131r. D\u00fc\u015f\u00fck s\u0131cakl\u0131klar uzun s\u00fcre etkili oldu\u011funda sa\u011fl\u0131k sorunlar\u0131 ortaya \u00e7\u0131kabilir. Bu nedenle g\u00fcnl\u00fck ya\u015famda basit ama etkili ad\u0131mlar atmak gerekir.<\/p>\n<p data-block-id=\"12b4f595-0a1f-4b2f-9949-321538dd7cf6\">\u00d6zellikle a\u00e7\u0131k havada \u00e7al\u0131\u015fan veya uzun s\u00fcre d\u0131\u015far\u0131da kalan ki\u015filer daha dikkatli olmal\u0131d\u0131r. Korunman\u0131n ilk ad\u0131m\u0131 bilin\u00e7li olmakt\u0131r. Bu noktada <strong>so\u011fuk stresi nedir<\/strong> sorusuna yan\u0131t bilmek \u00f6nem ta\u015f\u0131r. V\u00fccudun \u0131s\u0131 dengesini kaybetmesi bir\u00e7ok soruna yol a\u00e7abilir. Bu nedenle hava durumuna uygun giyinmek gerekir. Kat kat giyinmek \u0131s\u0131 kayb\u0131n\u0131 azalt\u0131r. Ba\u015f, el ve ayaklar\u0131n korunmas\u0131 da olduk\u00e7a \u00f6nemlidir.<\/p>\n<p data-block-id=\"33f7ef22-4e00-4929-b3c0-f22f54062757\">Beslenme d\u00fczeni de korunmada etkili bir fakt\u00f6rd\u00fcr. Yeterli ve dengeli beslenmek v\u00fccudun direncini art\u0131r\u0131r. S\u0131cak i\u00e7ecekler tercih edilmelidir. Alkol t\u00fcketiminden ka\u00e7\u0131n\u0131lmal\u0131d\u0131r. \u00c7\u00fcnk\u00fc alkol v\u00fccut \u0131s\u0131s\u0131n\u0131 d\u00fc\u015f\u00fcrebilir. Bol su t\u00fcketmek de v\u00fccut dengesini korumaya yard\u0131mc\u0131 olur.<\/p>\n<p data-block-id=\"bc504af4-9d9f-44a4-afed-6846ab9eda91\">Ortam ko\u015fullar\u0131 da g\u00f6z \u00f6n\u00fcnde bulundurulmal\u0131d\u0131r. R\u00fczgarl\u0131 ve nemli havalar risk olu\u015fturur. Bu nedenle m\u00fcmk\u00fcn oldu\u011funca kapal\u0131 alanlarda kalmak faydal\u0131d\u0131r. A\u00e7\u0131k alanda kal\u0131nacaksa s\u00fcre k\u0131sa tutulmal\u0131d\u0131r. Ayr\u0131ca d\u00fczenli dinlenme v\u00fccudu korur. Bu \u00f6nlemler sayesinde so\u011fuk havan\u0131n olumsuz etkileri azalt\u0131labilir.<\/p>","protected":false},"excerpt":{"rendered":"<p>\u0130nsan v\u00fccudu belirli bir \u0131s\u0131 aral\u0131\u011f\u0131nda dengede \u00e7al\u0131\u015f\u0131r. Bu denge bozuldu\u011funda \u00e7e\u015fitli sorunlar ortaya \u00e7\u0131kabilir. \u00d6zellikle d\u00fc\u015f\u00fck s\u0131cakl\u0131klara uzun s\u00fcre maruz kalmak v\u00fccudu zorlar. Titreme, halsizlik ve dikkat da\u011f\u0131n\u0131kl\u0131\u011f\u0131 gibi belirtiler g\u00f6r\u00fclebilir. Bu durum genellikle so\u011fuk stresi nedir sorusunu g\u00fcndeme getirir. V\u00fccut \u0131s\u0131 kayb\u0131n\u0131 dengeleyemedi\u011finde savunma sistemi zay\u0131flar ve sa\u011fl\u0131k riski artar. Bu nedenle so\u011fuk&#8230;<\/p>","protected":false},"author":1,"featured_media":34605,"comment_status":"closed","ping_status":"open","sticky":false,"template":"","format":"standard","meta":{"_acf_changed":false,"inline_featured_image":false,"footnotes":""},"categories":[1],"tags":[],"class_list":["post-33842","post","type-post","status-publish","format-standard","has-post-thumbnail","hentry","category-genel"],"acf":[],"_links":{"self":[{"href":"https:\/\/cavitmeclisi.com\/ar\/wp-json\/wp\/v2\/posts\/33842","targetHints":{"allow":["GET"]}}],"collection":[{"href":"https:\/\/cavitmeclisi.com\/ar\/wp-json\/wp\/v2\/posts"}],"about":[{"href":"https:\/\/cavitmeclisi.com\/ar\/wp-json\/wp\/v2\/types\/post"}],"author":[{"embeddable":true,"href":"https:\/\/cavitmeclisi.com\/ar\/wp-json\/wp\/v2\/users\/1"}],"replies":[{"embeddable":true,"href":"https:\/\/cavitmeclisi.com\/ar\/wp-json\/wp\/v2\/comments?post=33842"}],"version-history":[{"count":0,"href":"https:\/\/cavitmeclisi.com\/ar\/wp-json\/wp\/v2\/posts\/33842\/revisions"}],"wp:featuredmedia":[{"embeddable":true,"href":"https:\/\/cavitmeclisi.com\/ar\/wp-json\/wp\/v2\/media\/34605"}],"wp:attachment":[{"href":"https:\/\/cavitmeclisi.com\/ar\/wp-json\/wp\/v2\/media?parent=33842"}],"wp:term":[{"taxonomy":"category","embeddable":true,"href":"https:\/\/cavitmeclisi.com\/ar\/wp-json\/wp\/v2\/categories?post=33842"},{"taxonomy":"post_tag","embeddable":true,"href":"https:\/\/cavitmeclisi.com\/ar\/wp-json\/wp\/v2\/tags?post=33842"}],"curies":[{"name":"wp","href":"https:\/\/api.w.org\/{rel}","templated":true}]}}